{"id":7184,"date":"2026-04-24T08:00:53","date_gmt":"2026-04-24T06:00:53","guid":{"rendered":"https:\/\/www.batz.com\/?p=7184"},"modified":"2026-04-23T10:57:54","modified_gmt":"2026-04-23T08:57:54","slug":"2026ko-ohiko-batzar-orokorra-asamblea-general-ordinaria-2026","status":"publish","type":"post","link":"https:\/\/www.batz.com\/eu\/2026ko-ohiko-batzar-orokorra-asamblea-general-ordinaria-2026\/","title":{"rendered":"2026ko  OHIKO  BATZAR  OROKORRA  &#8211;  Asamblea  General  Ordinaria  2026"},"content":{"rendered":"<p>[et_pb_section  fb_built=&#8221;1&#8243;  _builder_version=&#8221;4.9.1&#8243;  _module_preset=&#8221;default&#8221;][et_pb_row  _builder_version=&#8221;4.9.1&#8243;  _module_preset=&#8221;default&#8221;][et_pb_column  type=&#8221;4_4&#8243;  _builder_version=&#8221;4.9.1&#8243;  _module_preset=&#8221;default&#8221;][et_pb_text  _builder_version=&#8221;4.9.1&#8243;  _module_preset=&#8221;default&#8221;  hover_enabled=&#8221;0&#8243;  sticky_enabled=&#8221;0&#8243;]<\/p>\n<h1 style=\"text-align: center;\"><strong>2026ko  OHIKO  BATZAR  OROKORRA<\/strong><\/h1>\n<h1 style=\"text-align: center;\"><strong>Asamblea  General  Ordinaria  2026<\/strong><\/h1>\n<p>[\/et_pb_text][\/et_pb_column][\/et_pb_row][et_pb_row  column_structure=&#8221;1_2,1_2&#8243;  _builder_version=&#8221;4.9.1&#8243;  _module_preset=&#8221;default&#8221;][et_pb_column  type=&#8221;1_2&#8243;  _builder_version=&#8221;4.9.1&#8243;  _module_preset=&#8221;default&#8221;][et_pb_text  admin_label=&#8221;Text&#8221;  _builder_version=&#8221;4.9.1&#8243;  _module_preset=&#8221;default&#8221;  custom_margin=&#8221;|||30px|false|false&#8221;  custom_padding=&#8221;|||30px|false|false&#8221;  hover_enabled=&#8221;0&#8243;  border_width_all=&#8221;3px&#8221;  sticky_enabled=&#8221;0&#8243;]<\/p>\n<h4>\u00a0<\/h4>\n<h4 style=\"padding-left: 40px;\"><strong>EGUNA:\u00a0\u00a0\u00a0\u00a0\u00a0  2026eko  maiatzaren  9a<\/strong><\/h4>\n<h4 style=\"padding-left: 40px;\"><strong>ORDUA:\u00a0\u00a0\u00a0\u00a0\u00a0  09:30ean  1.deialdia  \/  10:00etan  2.  deialdia<\/strong><\/h4>\n<h4 style=\"padding-left: 40px;\"><strong>TOKIA:\u00a0\u00a0\u00a0\u00a0\u00a0\u00a0\u00a0  Batz,  S.  Coop.<\/strong><\/h4>\n<h4 style=\"padding-left: 40px;\"><strong>\u00a0  \u00a0  \u00a0  \u00a0  \u00a0  \u00a0  \u00a0  \u00a0  \u00a0  \u00a0  Torrea,  2  &#8211;  48140  Igorre  (Bizkaia)<\/strong><\/h4>\n<p>[\/et_pb_text][et_pb_text  _builder_version=&#8221;4.9.1&#8243;  _module_preset=&#8221;default&#8221;  custom_margin=&#8221;|||30px|false|false&#8221;  custom_padding=&#8221;|||30px|false|false&#8221;  hover_enabled=&#8221;0&#8243;  border_width_all=&#8221;3px&#8221;  sticky_enabled=&#8221;0&#8243;]<\/p>\n<p>&nbsp;<\/p>\n<p style=\"padding-left: 40px;\"><strong>GAI  ZERRENDA<\/strong><\/p>\n<ol>\n<li>Aurreko  akta  onartzea  eta  bi  bazkide  aukeratzea,  Lehendakariarekin  batera,  batzar  honetako  akta  onartzeko.<\/li>\n<li>950  zenbakia  duen  bazkideari  ezarritako  zehapenaren  buruzko  errekurtsoa.<\/li>\n<li>2025ko  abenduaren  31n  itxitako  ekitaldiko  kudeaketa  sozialaren  azterketa.<\/li>\n<li>2025ko  abenduaren  31n  itxitako  ekitaldiko  urteko  kontu  indibidualak  eta  bateratuak  aztertzea  eta,  hala  badagokio,  onartzea,  baita  dagozkion  kudeaketa-txostenak  ere.<\/li>\n<li>Informazio  Ez-Finantziero  kontsolidatuaren  Egoera  aztertzea  eta  onartzea.<\/li>\n<li>2025ko  abenduaren  31n  itxitako  ekitaldiko  emaitzen  araberako  akordioak  hartzea.<\/li>\n<li>2026ko  Kudeaketa  Planaren  aurkezpena.<\/li>\n<li>Kontseilu  \u00a0Errektorearen\u00a0  \u00a0jakinarazpenak\u00a0  \u00a0eta\u00a0  \u00a0ekonomia\u00a0  \u00a0alorreko  akordioak.\n<ul>\n<li>Hasierako  nahitaezko  ekarpenak  eta  sarrera-kuotak.<\/li>\n<li>Diru-ekarpenen  interesak.<\/li>\n<li>Heziketa  eta  Sustapen  Kooperatiborako  eta  Interes  Publikoko  beste  Helburu  batzuetarako  ekarpenaren  erabilerak.<\/li>\n<\/ul>\n<\/li>\n<li>Kontseilu  Erretorearen  zati  bat  berritzea.<\/li>\n<li>Kontseilu  Sozialaren  izandapenak.<\/li>\n<li>Auditoreen  izendapena.<\/li>\n<li>MONDRAGON  Korporazioarekin  eta  Dibisioarekin  lotutako  gaiak.<\/li>\n<li>Galderak  eta  eskaerak.<\/li>\n<\/ol>\n<p>[\/et_pb_text][\/et_pb_column][et_pb_column  type=&#8221;1_2&#8243;  _builder_version=&#8221;4.9.1&#8243;  _module_preset=&#8221;default&#8221;][et_pb_text  _builder_version=&#8221;4.9.1&#8243;  _module_preset=&#8221;default&#8221;  custom_margin=&#8221;|||30px|false|false&#8221;  custom_padding=&#8221;|||30px|false|false&#8221;  hover_enabled=&#8221;0&#8243;  border_width_all=&#8221;3px&#8221;  sticky_enabled=&#8221;0&#8243;]<\/p>\n<h4>\u00a0<\/h4>\n<h4 style=\"padding-left: 40px;\"><strong>D\u00cdA<\/strong><strong>:\u00a0  \u00a0  \u00a0  \u00a0  \u00a0  \u00a09  de  mayo  de  2026<\/strong><\/h4>\n<h4 style=\"padding-left: 40px;\"><strong>HOR<\/strong><strong>A<\/strong><strong>:\u00a0\u00a0\u00a0\u00a0\u00a0  09.30  1.  Convocatoria  \/  10.00  2.  Convocatoria<\/strong><\/h4>\n<h4 style=\"padding-left: 40px;\"><strong>LUGAR:\u00a0\u00a0\u00a0\u00a0  <\/strong><strong>Batz,  S.  Coop.  <\/strong><\/h4>\n<h4 style=\"padding-left: 40px;\"><strong>\u00a0  \u00a0  \u00a0  \u00a0  \u00a0  \u00a0  \u00a0  \u00a0  \u00a0  \u00a0Torrea,  2  &#8211;  48140  Igorre  (Bizkaia)<\/strong><\/h4>\n<p>[\/et_pb_text][et_pb_text  _builder_version=&#8221;4.9.1&#8243;  _module_preset=&#8221;default&#8221;  custom_margin=&#8221;|||30px|false|false&#8221;  custom_padding=&#8221;|||30px|false|false&#8221;  hover_enabled=&#8221;0&#8243;  border_width_all=&#8221;3px&#8221;  sticky_enabled=&#8221;0&#8243;]<\/p>\n<p>&nbsp;<\/p>\n<p style=\"padding-left: 40px;\"><strong>ORDEN  DEL  D\u00cdA<\/strong><\/p>\n<ol>\n<li>Informe  sobre  la  aprobaci\u00f3n  del  Acta  anterior  y  elecci\u00f3n  de  dos  socios  para  aprobar,  junto  con  el  presidente,  el  Acta  de  la  presente  Asamblea.<\/li>\n<li>Recurso  sobre  la  sanci\u00f3n  impuesta  al  socio  n\u00ba  950.<\/li>\n<li>Examen  de  la  gesti\u00f3n  social  del  Ejercicio  cerrado  a  31  de  diciembre  de  2025.<\/li>\n<li>Examen  y  aprobaci\u00f3n,  si  procede,  de  las  Cuentas  Anuales  individuales  y  consolidadas  del  Ejercicio  cerrado  a  31  de  diciembre  de  2025,  as\u00ed  como  de  los  correspondientes  Informes  de  Gesti\u00f3n.<\/li>\n<li>Examen  y  aprobaci\u00f3n  del  Estado  de  Informaci\u00f3n  No  Financiera  consolidado.<\/li>\n<li>Adopci\u00f3n  de  acuerdos  en  relaci\u00f3n  con  el  destino  de  los  resultados  del  ejercicio  cerrado  a  31  de  diciembre  de  2025.<\/li>\n<li>Presentaci\u00f3n  del  Plan  de  Gesti\u00f3n  2026.<\/li>\n<li>Comunicaciones  del  Consejo  Rector  y  acuerdos  de  r\u00e9gimen  econ\u00f3mico.\n<ul>\n<li>Aportaciones  Obligatorias  iniciales  y  Cuotas  de  Ingreso.<\/li>\n<li>Intereses  de  las  aportaciones.<\/li>\n<li>Aplicaciones  de  la  Contribuci\u00f3n  para  la  Educaci\u00f3n  y  Promoci\u00f3n  Cooperativa  y  otros  fines  de  inter\u00e9s  (COFIP).<\/li>\n<\/ul>\n<\/li>\n<li>Renovaci\u00f3n  parcial  del  Consejo  Rector.<\/li>\n<li>Nombramientos  del  Consejo  Social.<\/li>\n<li>Nombramiento  de  Auditores.<\/li>\n<li>Asuntos  relacionados  con  la  Corporaci\u00f3n  MONDRAGON  y  Divisiones.<\/li>\n<li>Ruegos  y  preguntas.<\/li>\n<\/ol>\n<p>[\/et_pb_text][\/et_pb_column][\/et_pb_row][et_pb_row  _builder_version=&#8221;4.9.1&#8243;  _module_preset=&#8221;default&#8221;][et_pb_column  type=&#8221;4_4&#8243;  _builder_version=&#8221;4.9.1&#8243;  _module_preset=&#8221;default&#8221;][et_pb_text  _builder_version=&#8221;4.9.1&#8243;  _module_preset=&#8221;default&#8221;  custom_margin=&#8221;|||30px|false|false&#8221;  custom_padding=&#8221;|||30px|false|false&#8221;  hover_enabled=&#8221;0&#8243;  border_width_all=&#8221;3px&#8221;  sticky_enabled=&#8221;0&#8243;]<\/p>\n<h4 style=\"text-align: center;\"><strong>Igorre,  2026ko  apirilaren\u00a0  22a  \/  Igorre,  a  22  de  abril  de  2026<\/strong><\/h4>\n<h4 style=\"text-align: center;\"><strong><img loading=\"lazy\" decoding=\"async\" class=\"wp-image-4804 alignnone size-full\" src=\"https:\/\/www.batz.com\/wp-content\/uploads\/2022\/05\/XO.png\" alt=\"\" width=\"122\" height=\"96\" \/><\/strong><\/h4>\n<h4 style=\"text-align: center;\"><strong>Xaber  Ozerinjauregi<\/strong><\/h4>\n<h4 style=\"text-align: center;\"><strong>Presidentea  \/  Presidente<\/strong><\/h4>\n<p>[\/et_pb_text][\/et_pb_column][\/et_pb_row][et_pb_row  _builder_version=&#8221;4.9.1&#8243;  _module_preset=&#8221;default&#8221;][et_pb_column  type=&#8221;4_4&#8243;  _builder_version=&#8221;4.9.1&#8243;  _module_preset=&#8221;default&#8221;][et_pb_text  _builder_version=&#8221;4.9.1&#8243;  _module_preset=&#8221;default&#8221;  custom_margin=&#8221;|||30px|false|false&#8221;  custom_padding=&#8221;|||30px|false|false&#8221;  hover_enabled=&#8221;0&#8243;  border_width_all=&#8221;3px&#8221;  sticky_enabled=&#8221;0&#8243;]<\/p>\n<h4>\u00a0<\/h4>\n<h4 style=\"padding-left: 40px;\"><span style=\"color: #ff0000;\"><strong>OHARRA.  <\/strong><\/span><span style=\"color: #333399;\"><strong>Euskadiko  Kooperatiben  Legearen  35.7  artikuluaren  arabera,  bazkide  guztiei  gai-zerrendako  puntuei  dagozkien  agiriak  kooperatibaren  egoitza  sozialean  zein  intranetean  aztertzeko  eskubidea  dutela  jakinarazten  zaie.<\/strong><\/span><\/h4>\n<h4 style=\"padding-left: 40px;\"><strong>\u00a0<\/strong><strong>NOTA.  <\/strong>De  acuerdo  con  el  art\u00edculo  35.7  de  la  Ley  de  Cooperativas  de  Euskadi  se  hace  constar  el  derecho  de  todas  las  personas  socias  a  examinar  en  el  domicilio  social  y  en  la  intranet  de  la  Cooperativa  la  documentaci\u00f3n  correspondiente  a  los  puntos  del  orden  del  d\u00eda.<\/h4>\n<p>[\/et_pb_text][\/et_pb_column][\/et_pb_row][\/et_pb_section]<\/p>\n","protected":false},"excerpt":{"rendered":"<p>[et_pb_section  fb_built=&#8221;1&#8243;  _builder_version=&#8221;4.9.1&#8243;  _module_preset=&#8221;default&#8221;][et_pb_row  _builder_version=&#8221;4.9.1&#8243;  _module_preset=&#8221;default&#8221;][et_pb_column  type=&#8221;4_4&#8243;  _builder_version=&#8221;4.9.1&#8243;  _module_preset=&#8221;default&#8221;][et_pb_text  _builder_version=&#8221;4.9.1&#8243;  _module_preset=&#8221;default&#8221;  hover_enabled=&#8221;0&#8243;  sticky_enabled=&#8221;0&#8243;]  2026ko  OHIKO  BATZAR  OROKORRA  Asamblea  General  Ordinaria  2026  [\/et_pb_text][\/et_pb_column][\/et_pb_row][et_pb_row  column_structure=&#8221;1_2,1_2&#8243;  _builder_version=&#8221;4.9.1&#8243;  _module_preset=&#8221;default&#8221;][et_pb_column  type=&#8221;1_2&#8243;  _builder_version=&#8221;4.9.1&#8243;  _module_preset=&#8221;default&#8221;][et_pb_text  admin_label=&#8221;Text&#8221;  _builder_version=&#8221;4.9.1&#8243;  _module_preset=&#8221;default&#8221;  custom_margin=&#8221;|||30px|false|false&#8221;  custom_padding=&#8221;|||30px|false|false&#8221;  hover_enabled=&#8221;0&#8243;  border_width_all=&#8221;3px&#8221;  sticky_enabled=&#8221;0&#8243;]  \u00a0  EGUNA:\u00a0\u00a0\u00a0\u00a0\u00a0  2026eko  maiatzaren  9a  ORDUA:\u00a0\u00a0\u00a0\u00a0\u00a0  09:30ean  1.deialdia  \/  10:00etan  2.  deialdia  TOKIA:\u00a0\u00a0\u00a0\u00a0\u00a0\u00a0\u00a0  Batz,  S.  Coop.  \u00a0  \u00a0  \u00a0  [&hellip;]<\/p>\n","protected":false},"author":2,"featured_media":4867,"comment_status":"open","ping_status":"open","sticky":false,"template":"","format":"standard","meta":{"_et_pb_use_builder":"on","_et_pb_old_content":"","_et_gb_content_width":"","inline_featured_image":false,"cybocfi_hide_featured_image":"yes","footnotes":""},"categories":[1],"tags":[],"class_list":["post-7184","post","type-post","status-publish","format-standard","has-post-thumbnail","hentry","category-sin-categoria"],"yoast_head":"<!-- This site is optimized with the Yoast SEO plugin v27.3 - https:\/\/yoast.com\/product\/yoast-seo-wordpress\/ -->\n<title>2026ko OHIKO BATZAR OROKORRA - Asamblea General Ordinaria 2026 - Batz<\/title>\n<meta name=\"robots\" content=\"index, follow, max-snippet:-1, max-image-preview:large, max-video-preview:-1\" \/>\n<link rel=\"canonical\" href=\"https:\/\/www.batz.com\/eu\/2026ko-ohiko-batzar-orokorra-asamblea-general-ordinaria-2026\/\" \/>\n<meta property=\"og:locale\" content=\"eu_ES\" \/>\n<meta property=\"og:type\" content=\"article\" \/>\n<meta property=\"og:title\" content=\"2026ko OHIKO BATZAR OROKORRA - Asamblea General Ordinaria 2026 - Batz\" \/>\n<meta property=\"og:description\" content=\"[et_pb_section fb_built=&#8221;1&#8243; _builder_version=&#8221;4.9.1&#8243; _module_preset=&#8221;default&#8221;][et_pb_row _builder_version=&#8221;4.9.1&#8243; _module_preset=&#8221;default&#8221;][et_pb_column type=&#8221;4_4&#8243; _builder_version=&#8221;4.9.1&#8243; _module_preset=&#8221;default&#8221;][et_pb_text _builder_version=&#8221;4.9.1&#8243; _module_preset=&#8221;default&#8221; hover_enabled=&#8221;0&#8243; sticky_enabled=&#8221;0&#8243;] 2026ko OHIKO BATZAR OROKORRA Asamblea General Ordinaria 2026 [\/et_pb_text][\/et_pb_column][\/et_pb_row][et_pb_row column_structure=&#8221;1_2,1_2&#8243; _builder_version=&#8221;4.9.1&#8243; _module_preset=&#8221;default&#8221;][et_pb_column type=&#8221;1_2&#8243; _builder_version=&#8221;4.9.1&#8243; _module_preset=&#8221;default&#8221;][et_pb_text admin_label=&#8221;Text&#8221; _builder_version=&#8221;4.9.1&#8243; _module_preset=&#8221;default&#8221; custom_margin=&#8221;|||30px|false|false&#8221; custom_padding=&#8221;|||30px|false|false&#8221; hover_enabled=&#8221;0&#8243; border_width_all=&#8221;3px&#8221; sticky_enabled=&#8221;0&#8243;] \u00a0 EGUNA:\u00a0\u00a0\u00a0\u00a0\u00a0 2026eko maiatzaren 9a ORDUA:\u00a0\u00a0\u00a0\u00a0\u00a0 09:30ean 1.deialdia \/ 10:00etan 2. deialdia TOKIA:\u00a0\u00a0\u00a0\u00a0\u00a0\u00a0\u00a0 Batz, S. Coop. \u00a0 \u00a0 \u00a0 [&hellip;]\" \/>\n<meta property=\"og:url\" content=\"https:\/\/www.batz.com\/eu\/2026ko-ohiko-batzar-orokorra-asamblea-general-ordinaria-2026\/\" \/>\n<meta property=\"og:site_name\" content=\"Batz\" \/>\n<meta property=\"article:published_time\" content=\"2026-04-24T06:00:53+00:00\" \/>\n<meta property=\"og:image\" content=\"https:\/\/www.batz.com\/wp-content\/uploads\/2022\/05\/logoBatz1.png\" \/>\n\t<meta property=\"og:image:width\" content=\"1638\" \/>\n\t<meta property=\"og:image:height\" content=\"445\" \/>\n\t<meta property=\"og:image:type\" content=\"image\/png\" \/>\n<meta name=\"author\" content=\"BatzautO\" \/>\n<meta name=\"twitter:card\" content=\"summary_large_image\" \/>\n<meta name=\"twitter:label1\" content=\"Written by\" \/>\n\t<meta name=\"twitter:data1\" content=\"BatzautO\" \/>\n\t<meta name=\"twitter:label2\" content=\"Est. reading time\" \/>\n\t<meta name=\"twitter:data2\" content=\"3 minutes\" \/>\n<script type=\"application\/ld+json\" class=\"yoast-schema-graph\">{\"@context\":\"https:\\\/\\\/schema.org\",\"@graph\":[{\"@type\":\"Article\",\"@id\":\"https:\\\/\\\/www.batz.com\\\/eu\\\/2026ko-ohiko-batzar-orokorra-asamblea-general-ordinaria-2026\\\/#article\",\"isPartOf\":{\"@id\":\"https:\\\/\\\/www.batz.com\\\/eu\\\/2026ko-ohiko-batzar-orokorra-asamblea-general-ordinaria-2026\\\/\"},\"author\":{\"name\":\"BatzautO\",\"@id\":\"https:\\\/\\\/www.batz.com\\\/eu\\\/#\\\/schema\\\/person\\\/ccf572f490fcb6756fc36f0d1509c9c4\"},\"headline\":\"2026ko OHIKO BATZAR OROKORRA &#8211; Asamblea General Ordinaria 2026\",\"datePublished\":\"2026-04-24T06:00:53+00:00\",\"mainEntityOfPage\":{\"@id\":\"https:\\\/\\\/www.batz.com\\\/eu\\\/2026ko-ohiko-batzar-orokorra-asamblea-general-ordinaria-2026\\\/\"},\"wordCount\":747,\"commentCount\":0,\"publisher\":{\"@id\":\"https:\\\/\\\/www.batz.com\\\/eu\\\/#organization\"},\"image\":{\"@id\":\"https:\\\/\\\/www.batz.com\\\/eu\\\/2026ko-ohiko-batzar-orokorra-asamblea-general-ordinaria-2026\\\/#primaryimage\"},\"thumbnailUrl\":\"https:\\\/\\\/www.batz.com\\\/wp-content\\\/uploads\\\/2022\\\/05\\\/logoBatz1.png\",\"articleSection\":[\"Sin categor\u00eda\"],\"inLanguage\":\"eu\",\"potentialAction\":[{\"@type\":\"CommentAction\",\"name\":\"Comment\",\"target\":[\"https:\\\/\\\/www.batz.com\\\/eu\\\/2026ko-ohiko-batzar-orokorra-asamblea-general-ordinaria-2026\\\/#respond\"]}]},{\"@type\":\"WebPage\",\"@id\":\"https:\\\/\\\/www.batz.com\\\/eu\\\/2026ko-ohiko-batzar-orokorra-asamblea-general-ordinaria-2026\\\/\",\"url\":\"https:\\\/\\\/www.batz.com\\\/eu\\\/2026ko-ohiko-batzar-orokorra-asamblea-general-ordinaria-2026\\\/\",\"name\":\"2026ko OHIKO BATZAR OROKORRA - Asamblea General Ordinaria 2026 - Batz\",\"isPartOf\":{\"@id\":\"https:\\\/\\\/www.batz.com\\\/eu\\\/#website\"},\"primaryImageOfPage\":{\"@id\":\"https:\\\/\\\/www.batz.com\\\/eu\\\/2026ko-ohiko-batzar-orokorra-asamblea-general-ordinaria-2026\\\/#primaryimage\"},\"image\":{\"@id\":\"https:\\\/\\\/www.batz.com\\\/eu\\\/2026ko-ohiko-batzar-orokorra-asamblea-general-ordinaria-2026\\\/#primaryimage\"},\"thumbnailUrl\":\"https:\\\/\\\/www.batz.com\\\/wp-content\\\/uploads\\\/2022\\\/05\\\/logoBatz1.png\",\"datePublished\":\"2026-04-24T06:00:53+00:00\",\"breadcrumb\":{\"@id\":\"https:\\\/\\\/www.batz.com\\\/eu\\\/2026ko-ohiko-batzar-orokorra-asamblea-general-ordinaria-2026\\\/#breadcrumb\"},\"inLanguage\":\"eu\",\"potentialAction\":[{\"@type\":\"ReadAction\",\"target\":[\"https:\\\/\\\/www.batz.com\\\/eu\\\/2026ko-ohiko-batzar-orokorra-asamblea-general-ordinaria-2026\\\/\"]}]},{\"@type\":\"BreadcrumbList\",\"@id\":\"https:\\\/\\\/www.batz.com\\\/eu\\\/2026ko-ohiko-batzar-orokorra-asamblea-general-ordinaria-2026\\\/#breadcrumb\",\"itemListElement\":[{\"@type\":\"ListItem\",\"position\":1,\"name\":\"Portada\",\"item\":\"https:\\\/\\\/www.batz.com\\\/eu\\\/\"},{\"@type\":\"ListItem\",\"position\":2,\"name\":\"2026ko OHIKO BATZAR OROKORRA &#8211; Asamblea General Ordinaria 2026\"}]},{\"@type\":\"WebSite\",\"@id\":\"https:\\\/\\\/www.batz.com\\\/eu\\\/#website\",\"url\":\"https:\\\/\\\/www.batz.com\\\/eu\\\/\",\"name\":\"Batz\",\"description\":\"Meeting your challenges\",\"publisher\":{\"@id\":\"https:\\\/\\\/www.batz.com\\\/eu\\\/#organization\"},\"potentialAction\":[{\"@type\":\"SearchAction\",\"target\":{\"@type\":\"EntryPoint\",\"urlTemplate\":\"https:\\\/\\\/www.batz.com\\\/eu\\\/?s={search_term_string}\"},\"query-input\":{\"@type\":\"PropertyValueSpecification\",\"valueRequired\":true,\"valueName\":\"search_term_string\"}}],\"inLanguage\":\"eu\"},{\"@type\":\"Organization\",\"@id\":\"https:\\\/\\\/www.batz.com\\\/eu\\\/#organization\",\"name\":\"Batz\",\"url\":\"https:\\\/\\\/www.batz.com\\\/eu\\\/\",\"logo\":{\"@type\":\"ImageObject\",\"inLanguage\":\"eu\",\"@id\":\"https:\\\/\\\/www.batz.com\\\/eu\\\/#\\\/schema\\\/logo\\\/image\\\/\",\"url\":\"https:\\\/\\\/www.batz.com\\\/wp-content\\\/uploads\\\/2018\\\/08\\\/batz.png\",\"contentUrl\":\"https:\\\/\\\/www.batz.com\\\/wp-content\\\/uploads\\\/2018\\\/08\\\/batz.png\",\"width\":160,\"height\":44,\"caption\":\"Batz\"},\"image\":{\"@id\":\"https:\\\/\\\/www.batz.com\\\/eu\\\/#\\\/schema\\\/logo\\\/image\\\/\"},\"sameAs\":[\"https:\\\/\\\/www.linkedin.com\\\/company\\\/646339\\\/\"]},{\"@type\":\"Person\",\"@id\":\"https:\\\/\\\/www.batz.com\\\/eu\\\/#\\\/schema\\\/person\\\/ccf572f490fcb6756fc36f0d1509c9c4\",\"name\":\"BatzautO\"}]}<\/script>\n<!-- \/ Yoast SEO plugin. -->","yoast_head_json":{"title":"2026ko OHIKO BATZAR OROKORRA - Asamblea General Ordinaria 2026 - Batz","robots":{"index":"index","follow":"follow","max-snippet":"max-snippet:-1","max-image-preview":"max-image-preview:large","max-video-preview":"max-video-preview:-1"},"canonical":"https:\/\/www.batz.com\/eu\/2026ko-ohiko-batzar-orokorra-asamblea-general-ordinaria-2026\/","og_locale":"eu_ES","og_type":"article","og_title":"2026ko OHIKO BATZAR OROKORRA - Asamblea General Ordinaria 2026 - Batz","og_description":"[et_pb_section fb_built=&#8221;1&#8243; _builder_version=&#8221;4.9.1&#8243; _module_preset=&#8221;default&#8221;][et_pb_row _builder_version=&#8221;4.9.1&#8243; _module_preset=&#8221;default&#8221;][et_pb_column type=&#8221;4_4&#8243; _builder_version=&#8221;4.9.1&#8243; _module_preset=&#8221;default&#8221;][et_pb_text _builder_version=&#8221;4.9.1&#8243; _module_preset=&#8221;default&#8221; hover_enabled=&#8221;0&#8243; sticky_enabled=&#8221;0&#8243;] 2026ko OHIKO BATZAR OROKORRA Asamblea General Ordinaria 2026 [\/et_pb_text][\/et_pb_column][\/et_pb_row][et_pb_row column_structure=&#8221;1_2,1_2&#8243; _builder_version=&#8221;4.9.1&#8243; _module_preset=&#8221;default&#8221;][et_pb_column type=&#8221;1_2&#8243; _builder_version=&#8221;4.9.1&#8243; _module_preset=&#8221;default&#8221;][et_pb_text admin_label=&#8221;Text&#8221; _builder_version=&#8221;4.9.1&#8243; _module_preset=&#8221;default&#8221; custom_margin=&#8221;|||30px|false|false&#8221; custom_padding=&#8221;|||30px|false|false&#8221; hover_enabled=&#8221;0&#8243; border_width_all=&#8221;3px&#8221; sticky_enabled=&#8221;0&#8243;] \u00a0 EGUNA:\u00a0\u00a0\u00a0\u00a0\u00a0 2026eko maiatzaren 9a ORDUA:\u00a0\u00a0\u00a0\u00a0\u00a0 09:30ean 1.deialdia \/ 10:00etan 2. deialdia TOKIA:\u00a0\u00a0\u00a0\u00a0\u00a0\u00a0\u00a0 Batz, S. Coop. \u00a0 \u00a0 \u00a0 [&hellip;]","og_url":"https:\/\/www.batz.com\/eu\/2026ko-ohiko-batzar-orokorra-asamblea-general-ordinaria-2026\/","og_site_name":"Batz","article_published_time":"2026-04-24T06:00:53+00:00","og_image":[{"width":1638,"height":445,"url":"https:\/\/www.batz.com\/wp-content\/uploads\/2022\/05\/logoBatz1.png","type":"image\/png"}],"author":"BatzautO","twitter_card":"summary_large_image","twitter_misc":{"Written by":"BatzautO","Est. reading time":"3 minutes"},"schema":{"@context":"https:\/\/schema.org","@graph":[{"@type":"Article","@id":"https:\/\/www.batz.com\/eu\/2026ko-ohiko-batzar-orokorra-asamblea-general-ordinaria-2026\/#article","isPartOf":{"@id":"https:\/\/www.batz.com\/eu\/2026ko-ohiko-batzar-orokorra-asamblea-general-ordinaria-2026\/"},"author":{"name":"BatzautO","@id":"https:\/\/www.batz.com\/eu\/#\/schema\/person\/ccf572f490fcb6756fc36f0d1509c9c4"},"headline":"2026ko OHIKO BATZAR OROKORRA &#8211; Asamblea General Ordinaria 2026","datePublished":"2026-04-24T06:00:53+00:00","mainEntityOfPage":{"@id":"https:\/\/www.batz.com\/eu\/2026ko-ohiko-batzar-orokorra-asamblea-general-ordinaria-2026\/"},"wordCount":747,"commentCount":0,"publisher":{"@id":"https:\/\/www.batz.com\/eu\/#organization"},"image":{"@id":"https:\/\/www.batz.com\/eu\/2026ko-ohiko-batzar-orokorra-asamblea-general-ordinaria-2026\/#primaryimage"},"thumbnailUrl":"https:\/\/www.batz.com\/wp-content\/uploads\/2022\/05\/logoBatz1.png","articleSection":["Sin categor\u00eda"],"inLanguage":"eu","potentialAction":[{"@type":"CommentAction","name":"Comment","target":["https:\/\/www.batz.com\/eu\/2026ko-ohiko-batzar-orokorra-asamblea-general-ordinaria-2026\/#respond"]}]},{"@type":"WebPage","@id":"https:\/\/www.batz.com\/eu\/2026ko-ohiko-batzar-orokorra-asamblea-general-ordinaria-2026\/","url":"https:\/\/www.batz.com\/eu\/2026ko-ohiko-batzar-orokorra-asamblea-general-ordinaria-2026\/","name":"2026ko OHIKO BATZAR OROKORRA - Asamblea General Ordinaria 2026 - Batz","isPartOf":{"@id":"https:\/\/www.batz.com\/eu\/#website"},"primaryImageOfPage":{"@id":"https:\/\/www.batz.com\/eu\/2026ko-ohiko-batzar-orokorra-asamblea-general-ordinaria-2026\/#primaryimage"},"image":{"@id":"https:\/\/www.batz.com\/eu\/2026ko-ohiko-batzar-orokorra-asamblea-general-ordinaria-2026\/#primaryimage"},"thumbnailUrl":"https:\/\/www.batz.com\/wp-content\/uploads\/2022\/05\/logoBatz1.png","datePublished":"2026-04-24T06:00:53+00:00","breadcrumb":{"@id":"https:\/\/www.batz.com\/eu\/2026ko-ohiko-batzar-orokorra-asamblea-general-ordinaria-2026\/#breadcrumb"},"inLanguage":"eu","potentialAction":[{"@type":"ReadAction","target":["https:\/\/www.batz.com\/eu\/2026ko-ohiko-batzar-orokorra-asamblea-general-ordinaria-2026\/"]}]},{"@type":"BreadcrumbList","@id":"https:\/\/www.batz.com\/eu\/2026ko-ohiko-batzar-orokorra-asamblea-general-ordinaria-2026\/#breadcrumb","itemListElement":[{"@type":"ListItem","position":1,"name":"Portada","item":"https:\/\/www.batz.com\/eu\/"},{"@type":"ListItem","position":2,"name":"2026ko OHIKO BATZAR OROKORRA &#8211; Asamblea General Ordinaria 2026"}]},{"@type":"WebSite","@id":"https:\/\/www.batz.com\/eu\/#website","url":"https:\/\/www.batz.com\/eu\/","name":"Batz","description":"Meeting your challenges","publisher":{"@id":"https:\/\/www.batz.com\/eu\/#organization"},"potentialAction":[{"@type":"SearchAction","target":{"@type":"EntryPoint","urlTemplate":"https:\/\/www.batz.com\/eu\/?s={search_term_string}"},"query-input":{"@type":"PropertyValueSpecification","valueRequired":true,"valueName":"search_term_string"}}],"inLanguage":"eu"},{"@type":"Organization","@id":"https:\/\/www.batz.com\/eu\/#organization","name":"Batz","url":"https:\/\/www.batz.com\/eu\/","logo":{"@type":"ImageObject","inLanguage":"eu","@id":"https:\/\/www.batz.com\/eu\/#\/schema\/logo\/image\/","url":"https:\/\/www.batz.com\/wp-content\/uploads\/2018\/08\/batz.png","contentUrl":"https:\/\/www.batz.com\/wp-content\/uploads\/2018\/08\/batz.png","width":160,"height":44,"caption":"Batz"},"image":{"@id":"https:\/\/www.batz.com\/eu\/#\/schema\/logo\/image\/"},"sameAs":["https:\/\/www.linkedin.com\/company\/646339\/"]},{"@type":"Person","@id":"https:\/\/www.batz.com\/eu\/#\/schema\/person\/ccf572f490fcb6756fc36f0d1509c9c4","name":"BatzautO"}]}},"_links":{"self":[{"href":"https:\/\/www.batz.com\/eu\/wp-json\/wp\/v2\/posts\/7184","targetHints":{"allow":["GET"]}}],"collection":[{"href":"https:\/\/www.batz.com\/eu\/wp-json\/wp\/v2\/posts"}],"about":[{"href":"https:\/\/www.batz.com\/eu\/wp-json\/wp\/v2\/types\/post"}],"author":[{"embeddable":true,"href":"https:\/\/www.batz.com\/eu\/wp-json\/wp\/v2\/users\/2"}],"replies":[{"embeddable":true,"href":"https:\/\/www.batz.com\/eu\/wp-json\/wp\/v2\/comments?post=7184"}],"version-history":[{"count":5,"href":"https:\/\/www.batz.com\/eu\/wp-json\/wp\/v2\/posts\/7184\/revisions"}],"predecessor-version":[{"id":7191,"href":"https:\/\/www.batz.com\/eu\/wp-json\/wp\/v2\/posts\/7184\/revisions\/7191"}],"wp:featuredmedia":[{"embeddable":true,"href":"https:\/\/www.batz.com\/eu\/wp-json\/wp\/v2\/media\/4867"}],"wp:attachment":[{"href":"https:\/\/www.batz.com\/eu\/wp-json\/wp\/v2\/media?parent=7184"}],"wp:term":[{"taxonomy":"category","embeddable":true,"href":"https:\/\/www.batz.com\/eu\/wp-json\/wp\/v2\/categories?post=7184"},{"taxonomy":"post_tag","embeddable":true,"href":"https:\/\/www.batz.com\/eu\/wp-json\/wp\/v2\/tags?post=7184"}],"curies":[{"name":"wp","href":"https:\/\/api.w.org\/{rel}","templated":true}]}}